{"id":351,"date":"2024-06-11T11:55:23","date_gmt":"2024-06-11T09:55:23","guid":{"rendered":"http:\/\/powojnie.warszawa.pl\/?p=351"},"modified":"2024-06-11T11:55:23","modified_gmt":"2024-06-11T09:55:23","slug":"biuletyn-informacyjny-21-09-1944r-nr-1","status":"publish","type":"post","link":"https:\/\/powojnie.warszawa.pl\/index.php\/2024\/06\/11\/biuletyn-informacyjny-21-09-1944r-nr-1\/","title":{"rendered":"Biuletyn Informacyjny 21.09.1944r. \u2013 Nr 1"},"content":{"rendered":"\n<p>W numerze:<\/p>\n\n\n\n<ul class=\"wp-block-list\">\n<li>odezwa komendy AK obw\u00f3d Praga (kilka dni p\u00f3\u017aniej wycofana)<\/li>\n\n\n\n<li>Pomoc dla ludno\u015bci Pragi<\/li>\n<\/ul>\n\n\n\n<figure class=\"wp-block-image size-full\"><img loading=\"lazy\" decoding=\"async\" width=\"551\" height=\"668\" src=\"http:\/\/powojnie.warszawa.pl\/wp-content\/uploads\/2024\/06\/BI1_01.png\" alt=\"\" class=\"wp-image-352\" srcset=\"https:\/\/powojnie.warszawa.pl\/wp-content\/uploads\/2024\/06\/BI1_01.png 551w, https:\/\/powojnie.warszawa.pl\/wp-content\/uploads\/2024\/06\/BI1_01-247x300.png 247w\" sizes=\"auto, (max-width: 551px) 100vw, 551px\" \/><\/figure>\n\n\n\n<p><\/p>\n\n\n\n<figure class=\"wp-block-image size-full\"><img loading=\"lazy\" decoding=\"async\" width=\"676\" height=\"480\" src=\"http:\/\/powojnie.warszawa.pl\/wp-content\/uploads\/2024\/06\/BI1_02.png\" alt=\"\" class=\"wp-image-353\" srcset=\"https:\/\/powojnie.warszawa.pl\/wp-content\/uploads\/2024\/06\/BI1_02.png 676w, https:\/\/powojnie.warszawa.pl\/wp-content\/uploads\/2024\/06\/BI1_02-300x213.png 300w\" sizes=\"auto, (max-width: 676px) 100vw, 676px\" \/><\/figure>\n","protected":false},"excerpt":{"rendered":"<p>odezwa komendy AK obw\u00f3d Praga (kilka dni p\u00f3\u017aniej wycofana)<\/p>\n<p>Pomoc dla ludno\u015bci Pragi<\/p>\n","protected":false},"author":2,"featured_media":0,"comment_status":"open","ping_status":"open","sticky":false,"template":"","format":"standard","meta":{"footnotes":""},"categories":[1],"tags":[],"class_list":["post-351","post","type-post","status-publish","format-standard","hentry","category-non-classe"],"_links":{"self":[{"href":"https:\/\/powojnie.warszawa.pl\/index.php\/wp-json\/wp\/v2\/posts\/351","targetHints":{"allow":["GET"]}}],"collection":[{"href":"https:\/\/powojnie.warszawa.pl\/index.php\/wp-json\/wp\/v2\/posts"}],"about":[{"href":"https:\/\/powojnie.warszawa.pl\/index.php\/wp-json\/wp\/v2\/types\/post"}],"author":[{"embeddable":true,"href":"https:\/\/powojnie.warszawa.pl\/index.php\/wp-json\/wp\/v2\/users\/2"}],"replies":[{"embeddable":true,"href":"https:\/\/powojnie.warszawa.pl\/index.php\/wp-json\/wp\/v2\/comments?post=351"}],"version-history":[{"count":1,"href":"https:\/\/powojnie.warszawa.pl\/index.php\/wp-json\/wp\/v2\/posts\/351\/revisions"}],"predecessor-version":[{"id":354,"href":"https:\/\/powojnie.warszawa.pl\/index.php\/wp-json\/wp\/v2\/posts\/351\/revisions\/354"}],"wp:attachment":[{"href":"https:\/\/powojnie.warszawa.pl\/index.php\/wp-json\/wp\/v2\/media?parent=351"}],"wp:term":[{"taxonomy":"category","embeddable":true,"href":"https:\/\/powojnie.warszawa.pl\/index.php\/wp-json\/wp\/v2\/categories?post=351"},{"taxonomy":"post_tag","embeddable":true,"href":"https:\/\/powojnie.warszawa.pl\/index.php\/wp-json\/wp\/v2\/tags?post=351"}],"curies":[{"name":"wp","href":"https:\/\/api.w.org\/{rel}","templated":true}]}}