{"id":405,"date":"2024-06-17T12:56:26","date_gmt":"2024-06-17T10:56:26","guid":{"rendered":"https:\/\/powojnie.warszawa.pl\/?p=405"},"modified":"2024-06-17T12:59:25","modified_gmt":"2024-06-17T10:59:25","slug":"biuletyn-informacyjny-30-09-1944r-nr-6","status":"publish","type":"post","link":"https:\/\/powojnie.warszawa.pl\/index.php\/2024\/06\/17\/biuletyn-informacyjny-30-09-1944r-nr-6\/","title":{"rendered":"Biuletyn Informacyjny 30.09.1944r. \u2013 Nr 6"},"content":{"rendered":"\n<p>W numerze:<\/p>\n\n\n\n<ul class=\"wp-block-list\">\n<li>Dar Marsza\u0142ka Stalina [chodzi o pierwsza partie z obiecanych 10ty\u015b ton m\u0105ki dla Warszawy, we wspomnieniach prezydenta Spychalskiego  jest mowa &#8222;o 20% z tej liczby dla Warszawy&#8221;][ Dla wyja\u015bnienia numery Komisariat\u00f3w to:  XIV Praga P\u0142n, XV &#8211; Praga Po\u0142udnie, XVII &#8211; Groch\u00f3w, XXV &#8211; Br\u00f3dno]<\/li>\n\n\n\n<li>Warszawa b\u0119dzie Wolna [Propagandowe urabianie &#8222;szumu obywateli&#8221; Dlaczego wojska stoj\u0105 na Wi\u015ble i nie ratuj\u0105 miasta?]<\/li>\n\n\n\n<li>Rezolucja do Przewodnicz\u0105cego PKWN od Prezydenta Miasta [czo\u0142obitna rezolucja ku chwale przyjaci\u00f3\u0142 radzieckich i dzielnego quasi rz\u0105du, no ale wtedy tak by\u0142o, bo w\u0142adze by\u0142y \u0142ase na &#8222;podzi\u0119kowania ludu&#8221;]<\/li>\n\n\n\n<li>Komitet Opieki Spo\u0142ecznej przy XV komisariacie [Praga Po\u0142udnie]<\/li>\n\n\n\n<li>Msze \u015bwi\u0119te w ko\u015bciele pw Matki Bo\u017cej z Lourdes (Szwedzka r\u00f3g Wile\u0144skiej)<\/li>\n<\/ul>\n\n\n\n<figure class=\"wp-block-image size-large\"><img loading=\"lazy\" decoding=\"async\" width=\"1024\" height=\"188\" src=\"https:\/\/powojnie.warszawa.pl\/wp-content\/uploads\/2024\/06\/BI6_01-1024x188.png\" alt=\"\" class=\"wp-image-406\" srcset=\"https:\/\/powojnie.warszawa.pl\/wp-content\/uploads\/2024\/06\/BI6_01-1024x188.png 1024w, https:\/\/powojnie.warszawa.pl\/wp-content\/uploads\/2024\/06\/BI6_01-300x55.png 300w, https:\/\/powojnie.warszawa.pl\/wp-content\/uploads\/2024\/06\/BI6_01-768x141.png 768w, https:\/\/powojnie.warszawa.pl\/wp-content\/uploads\/2024\/06\/BI6_01-1536x282.png 1536w, https:\/\/powojnie.warszawa.pl\/wp-content\/uploads\/2024\/06\/BI6_01.png 1594w\" sizes=\"auto, (max-width: 1024px) 100vw, 1024px\" \/><\/figure>\n\n\n\n<p><\/p>\n\n\n\n<figure class=\"wp-block-image size-full\"><img loading=\"lazy\" decoding=\"async\" width=\"381\" height=\"826\" src=\"https:\/\/powojnie.warszawa.pl\/wp-content\/uploads\/2024\/06\/BI6_02A.png\" alt=\"\" class=\"wp-image-407\" srcset=\"https:\/\/powojnie.warszawa.pl\/wp-content\/uploads\/2024\/06\/BI6_02A.png 381w, https:\/\/powojnie.warszawa.pl\/wp-content\/uploads\/2024\/06\/BI6_02A-138x300.png 138w\" sizes=\"auto, (max-width: 381px) 100vw, 381px\" \/><\/figure>\n\n\n\n<p><\/p>\n\n\n\n<figure class=\"wp-block-image size-full\"><img loading=\"lazy\" decoding=\"async\" width=\"383\" height=\"680\" src=\"https:\/\/powojnie.warszawa.pl\/wp-content\/uploads\/2024\/06\/BI6_02B.png\" alt=\"\" class=\"wp-image-408\" srcset=\"https:\/\/powojnie.warszawa.pl\/wp-content\/uploads\/2024\/06\/BI6_02B.png 383w, https:\/\/powojnie.warszawa.pl\/wp-content\/uploads\/2024\/06\/BI6_02B-169x300.png 169w\" sizes=\"auto, (max-width: 383px) 100vw, 383px\" \/><\/figure>\n\n\n\n<p><\/p>\n\n\n\n<figure class=\"wp-block-image size-full\"><img loading=\"lazy\" decoding=\"async\" width=\"759\" height=\"149\" src=\"https:\/\/powojnie.warszawa.pl\/wp-content\/uploads\/2024\/06\/BI6_02C.png\" alt=\"\" class=\"wp-image-410\" srcset=\"https:\/\/powojnie.warszawa.pl\/wp-content\/uploads\/2024\/06\/BI6_02C.png 759w, https:\/\/powojnie.warszawa.pl\/wp-content\/uploads\/2024\/06\/BI6_02C-300x59.png 300w\" sizes=\"auto, (max-width: 759px) 100vw, 759px\" \/><\/figure>\n\n\n\n<p><\/p>\n\n\n\n<figure class=\"wp-block-image size-full\"><img loading=\"lazy\" decoding=\"async\" width=\"396\" height=\"781\" src=\"https:\/\/powojnie.warszawa.pl\/wp-content\/uploads\/2024\/06\/BI6_02D.png\" alt=\"\" class=\"wp-image-411\" srcset=\"https:\/\/powojnie.warszawa.pl\/wp-content\/uploads\/2024\/06\/BI6_02D.png 396w, https:\/\/powojnie.warszawa.pl\/wp-content\/uploads\/2024\/06\/BI6_02D-152x300.png 152w\" sizes=\"auto, (max-width: 396px) 100vw, 396px\" \/><\/figure>\n\n\n\n<p><\/p>\n\n\n\n<figure class=\"wp-block-image size-full\"><img loading=\"lazy\" decoding=\"async\" width=\"392\" height=\"740\" src=\"https:\/\/powojnie.warszawa.pl\/wp-content\/uploads\/2024\/06\/BI6_02E.png\" alt=\"\" class=\"wp-image-412\" srcset=\"https:\/\/powojnie.warszawa.pl\/wp-content\/uploads\/2024\/06\/BI6_02E.png 392w, https:\/\/powojnie.warszawa.pl\/wp-content\/uploads\/2024\/06\/BI6_02E-159x300.png 159w\" sizes=\"auto, (max-width: 392px) 100vw, 392px\" \/><\/figure>\n\n\n\n<p> O Wyzwoleniu Warszawy &#8222;czemu stoj\u0105&#8221; <\/p>\n\n\n\n<figure class=\"wp-block-image size-full\"><img loading=\"lazy\" decoding=\"async\" width=\"386\" height=\"956\" src=\"https:\/\/powojnie.warszawa.pl\/wp-content\/uploads\/2024\/06\/BI6_03A.png\" alt=\"\" class=\"wp-image-413\" srcset=\"https:\/\/powojnie.warszawa.pl\/wp-content\/uploads\/2024\/06\/BI6_03A.png 386w, https:\/\/powojnie.warszawa.pl\/wp-content\/uploads\/2024\/06\/BI6_03A-121x300.png 121w\" sizes=\"auto, (max-width: 386px) 100vw, 386px\" \/><\/figure>\n\n\n\n<p><\/p>\n\n\n\n<figure class=\"wp-block-image size-full\"><img loading=\"lazy\" decoding=\"async\" width=\"386\" height=\"817\" src=\"https:\/\/powojnie.warszawa.pl\/wp-content\/uploads\/2024\/06\/BI6_03B.png\" alt=\"\" class=\"wp-image-414\" srcset=\"https:\/\/powojnie.warszawa.pl\/wp-content\/uploads\/2024\/06\/BI6_03B.png 386w, https:\/\/powojnie.warszawa.pl\/wp-content\/uploads\/2024\/06\/BI6_03B-142x300.png 142w\" sizes=\"auto, (max-width: 386px) 100vw, 386px\" \/><\/figure>\n\n\n\n<p><\/p>\n\n\n\n<figure class=\"wp-block-image size-full\"><img loading=\"lazy\" decoding=\"async\" width=\"382\" height=\"652\" src=\"https:\/\/powojnie.warszawa.pl\/wp-content\/uploads\/2024\/06\/BI6_03C.png\" alt=\"\" class=\"wp-image-415\" srcset=\"https:\/\/powojnie.warszawa.pl\/wp-content\/uploads\/2024\/06\/BI6_03C.png 382w, https:\/\/powojnie.warszawa.pl\/wp-content\/uploads\/2024\/06\/BI6_03C-176x300.png 176w\" sizes=\"auto, (max-width: 382px) 100vw, 382px\" \/><\/figure>\n\n\n\n<p><\/p>\n\n\n\n<figure class=\"wp-block-image size-full\"><img loading=\"lazy\" decoding=\"async\" width=\"384\" height=\"651\" src=\"https:\/\/powojnie.warszawa.pl\/wp-content\/uploads\/2024\/06\/BI6_03D.png\" alt=\"\" class=\"wp-image-416\" srcset=\"https:\/\/powojnie.warszawa.pl\/wp-content\/uploads\/2024\/06\/BI6_03D.png 384w, https:\/\/powojnie.warszawa.pl\/wp-content\/uploads\/2024\/06\/BI6_03D-177x300.png 177w\" sizes=\"auto, (max-width: 384px) 100vw, 384px\" \/><\/figure>\n\n\n\n<p><\/p>\n\n\n\n<figure class=\"wp-block-image size-full\"><img loading=\"lazy\" decoding=\"async\" width=\"382\" height=\"627\" src=\"https:\/\/powojnie.warszawa.pl\/wp-content\/uploads\/2024\/06\/BI6_03E.png\" alt=\"\" class=\"wp-image-418\" srcset=\"https:\/\/powojnie.warszawa.pl\/wp-content\/uploads\/2024\/06\/BI6_03E.png 382w, https:\/\/powojnie.warszawa.pl\/wp-content\/uploads\/2024\/06\/BI6_03E-183x300.png 183w\" sizes=\"auto, (max-width: 382px) 100vw, 382px\" \/><\/figure>\n\n\n\n<p><\/p>\n\n\n\n<figure class=\"wp-block-image size-large\"><img loading=\"lazy\" decoding=\"async\" width=\"1024\" height=\"646\" src=\"https:\/\/powojnie.warszawa.pl\/wp-content\/uploads\/2024\/06\/BI6_04A-1024x646.png\" alt=\"\" class=\"wp-image-419\" srcset=\"https:\/\/powojnie.warszawa.pl\/wp-content\/uploads\/2024\/06\/BI6_04A-1024x646.png 1024w, https:\/\/powojnie.warszawa.pl\/wp-content\/uploads\/2024\/06\/BI6_04A-300x189.png 300w, https:\/\/powojnie.warszawa.pl\/wp-content\/uploads\/2024\/06\/BI6_04A-768x485.png 768w, https:\/\/powojnie.warszawa.pl\/wp-content\/uploads\/2024\/06\/BI6_04A.png 1150w\" sizes=\"auto, (max-width: 1024px) 100vw, 1024px\" \/><\/figure>\n\n\n\n<p><\/p>\n\n\n\n<figure class=\"wp-block-image size-full\"><img loading=\"lazy\" decoding=\"async\" width=\"767\" height=\"638\" src=\"https:\/\/powojnie.warszawa.pl\/wp-content\/uploads\/2024\/06\/BI6_05A.png\" alt=\"\" class=\"wp-image-420\" srcset=\"https:\/\/powojnie.warszawa.pl\/wp-content\/uploads\/2024\/06\/BI6_05A.png 767w, https:\/\/powojnie.warszawa.pl\/wp-content\/uploads\/2024\/06\/BI6_05A-300x250.png 300w\" sizes=\"auto, (max-width: 767px) 100vw, 767px\" \/><\/figure>\n\n\n\n<p><\/p>\n\n\n\n<figure class=\"wp-block-image size-full\"><img loading=\"lazy\" decoding=\"async\" width=\"385\" height=\"264\" src=\"https:\/\/powojnie.warszawa.pl\/wp-content\/uploads\/2024\/06\/BI6_06A.png\" alt=\"\" class=\"wp-image-421\" srcset=\"https:\/\/powojnie.warszawa.pl\/wp-content\/uploads\/2024\/06\/BI6_06A.png 385w, https:\/\/powojnie.warszawa.pl\/wp-content\/uploads\/2024\/06\/BI6_06A-300x206.png 300w\" sizes=\"auto, (max-width: 385px) 100vw, 385px\" \/><\/figure>\n","protected":false},"excerpt":{"rendered":"<p>Dar Marsza\u0142ka Stalina [chodzi o pierwsza partie z obiecanych 10ty\u015b ton m\u0105ki dla Warszaw<br \/>\nWarszawa b\u0119dzie Wolna [Propagandowa urabianie &#8222;szumu obywateli&#8221;  Dlaczego wojska stoj\u0105 na Wi\u015ble?] <\/p>\n<p>Rezolucja do Przewodnicz\u0105cego PKWN od Prezydenta Miasta [czo\u0142obitna rezolucja ku chwale przyjaci\u00f3\u0142 radzieckich i dzielnego quasi rz\u0105du]<br \/>\nKomitet Opieki Spo\u0142ecznej przy XV komisariacie [Praga Po\u0142udnie]<br \/>\nMsze \u015bwi\u0119te w ko\u015bciele pw Matki Bo\u017cej z Lourdes (Szwedzka r\u00f3g Wile\u0144skiej)<\/p>\n","protected":false},"author":2,"featured_media":0,"comment_status":"open","ping_status":"open","sticky":false,"template":"","format":"standard","meta":{"footnotes":""},"categories":[1],"tags":[],"class_list":["post-405","post","type-post","status-publish","format-standard","hentry","category-non-classe"],"_links":{"self":[{"href":"https:\/\/powojnie.warszawa.pl\/index.php\/wp-json\/wp\/v2\/posts\/405","targetHints":{"allow":["GET"]}}],"collection":[{"href":"https:\/\/powojnie.warszawa.pl\/index.php\/wp-json\/wp\/v2\/posts"}],"about":[{"href":"https:\/\/powojnie.warszawa.pl\/index.php\/wp-json\/wp\/v2\/types\/post"}],"author":[{"embeddable":true,"href":"https:\/\/powojnie.warszawa.pl\/index.php\/wp-json\/wp\/v2\/users\/2"}],"replies":[{"embeddable":true,"href":"https:\/\/powojnie.warszawa.pl\/index.php\/wp-json\/wp\/v2\/comments?post=405"}],"version-history":[{"count":2,"href":"https:\/\/powojnie.warszawa.pl\/index.php\/wp-json\/wp\/v2\/posts\/405\/revisions"}],"predecessor-version":[{"id":424,"href":"https:\/\/powojnie.warszawa.pl\/index.php\/wp-json\/wp\/v2\/posts\/405\/revisions\/424"}],"wp:attachment":[{"href":"https:\/\/powojnie.warszawa.pl\/index.php\/wp-json\/wp\/v2\/media?parent=405"}],"wp:term":[{"taxonomy":"category","embeddable":true,"href":"https:\/\/powojnie.warszawa.pl\/index.php\/wp-json\/wp\/v2\/categories?post=405"},{"taxonomy":"post_tag","embeddable":true,"href":"https:\/\/powojnie.warszawa.pl\/index.php\/wp-json\/wp\/v2\/tags?post=405"}],"curies":[{"name":"wp","href":"https:\/\/api.w.org\/{rel}","templated":true}]}}