{"id":455,"date":"2024-06-24T12:59:09","date_gmt":"2024-06-24T10:59:09","guid":{"rendered":"https:\/\/powojnie.warszawa.pl\/?p=455"},"modified":"2024-06-24T12:59:09","modified_gmt":"2024-06-24T10:59:09","slug":"biuletyn-informacyjny-03-10-1944r-nr-8","status":"publish","type":"post","link":"https:\/\/powojnie.warszawa.pl\/index.php\/2024\/06\/24\/biuletyn-informacyjny-03-10-1944r-nr-8\/","title":{"rendered":"Biuletyn Informacyjny 03.10.1944r. \u2013 Nr 8"},"content":{"rendered":"\n<p>W numerze:<\/p>\n\n\n\n<ul class=\"wp-block-list\">\n<li>Dwa tysi\u0105ce dzieci moze wyjecha\u0107 do Mi\u0144ska Mazowieckiego [jesienno-zimowe kolonie dla dzieci]<\/li>\n\n\n\n<li>Pr\u00f3ba uruchomienia wodoci\u0105gu na Pradze<\/li>\n\n\n\n<li>Rozdzia\u0142 \u017cywno\u015bci na Pradze [w tym w dniach 2-10.X po 3kg m\u0105ki na osob\u0119 z daru Stalina]<\/li>\n\n\n\n<li>Ratujmy dzieci [problem sieroctwa po wojnie by\u0142 ogromny]<\/li>\n\n\n\n<li>&#8222;B\u0142\u0119kitni Rycerze&#8221; rozpocz\u0119li prac\u0119 [grupa harcerska]<\/li>\n\n\n\n<li>Ploteczki [kolejny raz walczy z niezadowoleniem spo\u0142ecznym tym razem  krytyka w\u0142adz to pod\u0142e plotki] <\/li>\n<\/ul>\n\n\n\n<figure class=\"wp-block-image size-full\"><img loading=\"lazy\" decoding=\"async\" width=\"743\" height=\"246\" src=\"https:\/\/powojnie.warszawa.pl\/wp-content\/uploads\/2024\/06\/BI8_01.png\" alt=\"\" class=\"wp-image-456\" srcset=\"https:\/\/powojnie.warszawa.pl\/wp-content\/uploads\/2024\/06\/BI8_01.png 743w, https:\/\/powojnie.warszawa.pl\/wp-content\/uploads\/2024\/06\/BI8_01-300x99.png 300w\" sizes=\"auto, (max-width: 743px) 100vw, 743px\" \/><\/figure>\n\n\n\n<p> <\/p>\n\n\n\n<figure class=\"wp-block-image size-full\"><img loading=\"lazy\" decoding=\"async\" width=\"763\" height=\"231\" src=\"https:\/\/powojnie.warszawa.pl\/wp-content\/uploads\/2024\/06\/BI8_02.png\" alt=\"\" class=\"wp-image-457\" srcset=\"https:\/\/powojnie.warszawa.pl\/wp-content\/uploads\/2024\/06\/BI8_02.png 763w, https:\/\/powojnie.warszawa.pl\/wp-content\/uploads\/2024\/06\/BI8_02-300x91.png 300w\" sizes=\"auto, (max-width: 763px) 100vw, 763px\" \/><\/figure>\n\n\n\n<p> <\/p>\n\n\n\n<figure class=\"wp-block-image size-full\"><img loading=\"lazy\" decoding=\"async\" width=\"746\" height=\"376\" src=\"https:\/\/powojnie.warszawa.pl\/wp-content\/uploads\/2024\/06\/BI8_03.png\" alt=\"\" class=\"wp-image-458\" srcset=\"https:\/\/powojnie.warszawa.pl\/wp-content\/uploads\/2024\/06\/BI8_03.png 746w, https:\/\/powojnie.warszawa.pl\/wp-content\/uploads\/2024\/06\/BI8_03-300x151.png 300w\" sizes=\"auto, (max-width: 746px) 100vw, 746px\" \/><\/figure>\n\n\n\n<p> <\/p>\n\n\n\n<figure class=\"wp-block-image size-full\"><img loading=\"lazy\" decoding=\"async\" width=\"924\" height=\"126\" src=\"https:\/\/powojnie.warszawa.pl\/wp-content\/uploads\/2024\/06\/BI8_04A.png\" alt=\"\" class=\"wp-image-459\" srcset=\"https:\/\/powojnie.warszawa.pl\/wp-content\/uploads\/2024\/06\/BI8_04A.png 924w, https:\/\/powojnie.warszawa.pl\/wp-content\/uploads\/2024\/06\/BI8_04A-300x41.png 300w, https:\/\/powojnie.warszawa.pl\/wp-content\/uploads\/2024\/06\/BI8_04A-768x105.png 768w\" sizes=\"auto, (max-width: 924px) 100vw, 924px\" \/><\/figure>\n\n\n\n<figure class=\"wp-block-image size-full\"><img loading=\"lazy\" decoding=\"async\" width=\"751\" height=\"602\" src=\"https:\/\/powojnie.warszawa.pl\/wp-content\/uploads\/2024\/06\/BI8_04B.png\" alt=\"\" class=\"wp-image-460\" srcset=\"https:\/\/powojnie.warszawa.pl\/wp-content\/uploads\/2024\/06\/BI8_04B.png 751w, https:\/\/powojnie.warszawa.pl\/wp-content\/uploads\/2024\/06\/BI8_04B-300x240.png 300w\" sizes=\"auto, (max-width: 751px) 100vw, 751px\" \/><\/figure>\n\n\n\n<p> <\/p>\n\n\n\n<figure class=\"wp-block-image size-full\"><img loading=\"lazy\" decoding=\"async\" width=\"374\" height=\"395\" src=\"https:\/\/powojnie.warszawa.pl\/wp-content\/uploads\/2024\/06\/BI8_04C.png\" alt=\"\" class=\"wp-image-461\" srcset=\"https:\/\/powojnie.warszawa.pl\/wp-content\/uploads\/2024\/06\/BI8_04C.png 374w, https:\/\/powojnie.warszawa.pl\/wp-content\/uploads\/2024\/06\/BI8_04C-284x300.png 284w\" sizes=\"auto, (max-width: 374px) 100vw, 374px\" \/><\/figure>\n\n\n\n<p>  <\/p>\n\n\n\n<p><\/p>\n\n\n\n<figure class=\"wp-block-image size-full\"><img loading=\"lazy\" decoding=\"async\" width=\"389\" height=\"945\" src=\"https:\/\/powojnie.warszawa.pl\/wp-content\/uploads\/2024\/06\/BI8_05.png\" alt=\"\" class=\"wp-image-462\" srcset=\"https:\/\/powojnie.warszawa.pl\/wp-content\/uploads\/2024\/06\/BI8_05.png 389w, https:\/\/powojnie.warszawa.pl\/wp-content\/uploads\/2024\/06\/BI8_05-123x300.png 123w\" sizes=\"auto, (max-width: 389px) 100vw, 389px\" \/><\/figure>\n\n\n\n<p> <\/p>\n\n\n\n<p><\/p>\n\n\n\n<figure class=\"wp-block-image size-full\"><img loading=\"lazy\" decoding=\"async\" width=\"739\" height=\"839\" src=\"https:\/\/powojnie.warszawa.pl\/wp-content\/uploads\/2024\/06\/BI8_06.png\" alt=\"\" class=\"wp-image-463\" srcset=\"https:\/\/powojnie.warszawa.pl\/wp-content\/uploads\/2024\/06\/BI8_06.png 739w, https:\/\/powojnie.warszawa.pl\/wp-content\/uploads\/2024\/06\/BI8_06-264x300.png 264w\" sizes=\"auto, (max-width: 739px) 100vw, 739px\" \/><\/figure>\n","protected":false},"excerpt":{"rendered":"<p>Dwa tysi\u0105ce dzieci moze wyjecha\u0107 do Mi\u0144ska Mazowieckiego [jesienno-zimowe kolonie dla dzieci]<br \/>\nPr\u00f3ba uruchomienia wodoci\u0105gu na Pradze<br \/>\nRozdzia\u0142 \u017cywno\u015bci na Pradze [w tym w dniach 2-10.X po 3kg m\u0105ki na osob\u0119 z daru Stalina]<br \/>\nRatujmy dzieci [problem sieroctwa po wojnie by\u0142 ogromny]<br \/>\n&#8222;B\u0142\u0119kitni Rycerze&#8221; rozpocz\u0119li prac\u0119 [grupa harcerska]<br \/>\nPloteczki [kolejny raz walczy z niezadowoleniem spo\u0142ecznym tym razem  krytyka w\u0142adz to pod\u0142e plotki]<\/p>\n","protected":false},"author":2,"featured_media":0,"comment_status":"open","ping_status":"open","sticky":false,"template":"","format":"standard","meta":{"footnotes":""},"categories":[1],"tags":[],"class_list":["post-455","post","type-post","status-publish","format-standard","hentry","category-non-classe"],"_links":{"self":[{"href":"https:\/\/powojnie.warszawa.pl\/index.php\/wp-json\/wp\/v2\/posts\/455","targetHints":{"allow":["GET"]}}],"collection":[{"href":"https:\/\/powojnie.warszawa.pl\/index.php\/wp-json\/wp\/v2\/posts"}],"about":[{"href":"https:\/\/powojnie.warszawa.pl\/index.php\/wp-json\/wp\/v2\/types\/post"}],"author":[{"embeddable":true,"href":"https:\/\/powojnie.warszawa.pl\/index.php\/wp-json\/wp\/v2\/users\/2"}],"replies":[{"embeddable":true,"href":"https:\/\/powojnie.warszawa.pl\/index.php\/wp-json\/wp\/v2\/comments?post=455"}],"version-history":[{"count":1,"href":"https:\/\/powojnie.warszawa.pl\/index.php\/wp-json\/wp\/v2\/posts\/455\/revisions"}],"predecessor-version":[{"id":464,"href":"https:\/\/powojnie.warszawa.pl\/index.php\/wp-json\/wp\/v2\/posts\/455\/revisions\/464"}],"wp:attachment":[{"href":"https:\/\/powojnie.warszawa.pl\/index.php\/wp-json\/wp\/v2\/media?parent=455"}],"wp:term":[{"taxonomy":"category","embeddable":true,"href":"https:\/\/powojnie.warszawa.pl\/index.php\/wp-json\/wp\/v2\/categories?post=455"},{"taxonomy":"post_tag","embeddable":true,"href":"https:\/\/powojnie.warszawa.pl\/index.php\/wp-json\/wp\/v2\/tags?post=455"}],"curies":[{"name":"wp","href":"https:\/\/api.w.org\/{rel}","templated":true}]}}